{"id":43,"date":"2024-03-11T15:07:07","date_gmt":"2024-03-11T15:07:07","guid":{"rendered":"https:\/\/cafeolafraylesca.com\/?p=43"},"modified":"2024-03-11T16:16:32","modified_gmt":"2024-03-11T16:16:32","slug":"del-campo-a-tu-taza-el-viaje-sostenible-de-cafe-la-fraylesca","status":"publish","type":"post","link":"https:\/\/cafeolafraylesca.com\/index.php\/2024\/03\/11\/del-campo-a-tu-taza-el-viaje-sostenible-de-cafe-la-fraylesca\/","title":{"rendered":"Del Campo a Tu Taza: El Viaje Sostenible de Caf\u00e9 La Fraylesca"},"content":{"rendered":"\n<p>El viaje de una taza de caf\u00e9 desde las f\u00e9rtiles tierras hasta tu mesa es largo y complejo, especialmente cuando se trata de un caf\u00e9 como <strong>Caf\u00e9 La Fraylesca<\/strong>, cuyo camino est\u00e1 impregnado de sostenibilidad, pasi\u00f3n y respeto por la naturaleza. Este viaje no solo transforma los granos de caf\u00e9, sino tambi\u00e9n las vidas de quienes participan en \u00e9l. Acomp\u00e1\u00f1anos a descubrir el viaje sostenible de Caf\u00e9 La Fraylesca, desde el campo hasta tu taza.<\/p>\n\n\n\n<h4 class=\"wp-block-heading\"><strong>Or\u00edgenes Sustentables<\/strong><\/h4>\n\n\n\n<p>Todo comienza en La Concordia, Chiapas, donde el clima, la altitud y el suelo se unen en perfecta armon\u00eda para crear las condiciones ideales para el cultivo del caf\u00e9. En Caf\u00e9 La Fraylesca, optamos por m\u00e9todos de cultivo org\u00e1nico que respetan y enriquecen la tierra, asegurando que cada grano de caf\u00e9 est\u00e9 libre de qu\u00edmicos y pesticidas. Esta elecci\u00f3n por la sostenibilidad es la base de nuestro compromiso con la calidad y la responsabilidad ambiental.<\/p>\n\n\n\n<h4 class=\"wp-block-heading\"><strong>Cuidado y Cosecha Manual<\/strong><\/h4>\n\n\n\n<p>La cosecha de Caf\u00e9 La Fraylesca es un proceso cuidadoso y manual. Los agricultores locales, verdaderos expertos en su oficio, seleccionan con precisi\u00f3n los granos en su punto \u00f3ptimo de madurez, garantizando la m\u00e1xima calidad y frescura. Esta labor no solo refleja la habilidad y dedicaci\u00f3n de los productores, sino tambi\u00e9n nuestro compromiso con pr\u00e1cticas justas y sostenibles.<\/p>\n\n\n\n<h4 class=\"wp-block-heading\"><strong>Procesamiento Respetuoso<\/strong><\/h4>\n\n\n\n<p>Una vez cosechados, los granos de caf\u00e9 son procesados con m\u00e9todos que preservan su calidad y minimizan el impacto ambiental. Desde el lavado hasta el secado, cada paso se lleva a cabo con el mayor cuidado, asegurando que el sabor, aroma y caracter\u00edsticas \u00fanicas de Caf\u00e9 La Fraylesca se mantengan intactos.<\/p>\n\n\n\n<h4 class=\"wp-block-heading\"><strong>Tostado Perfeccionado<\/strong><\/h4>\n\n\n\n<p>El tostado es donde la magia realmente sucede, transformando los granos verdes en el caf\u00e9 rico y arom\u00e1tico que llega a tu taza. En Caf\u00e9 La Fraylesca, el tostado se realiza en peque\u00f1os lotes, lo que permite un control preciso sobre el proceso y garantiza que cada grano alcance su potencial m\u00e1ximo, ofreciendo un perfil de sabor \u00fanico y excepcional.<\/p>\n\n\n\n<h4 class=\"wp-block-heading\"><strong>Empaque Consciente<\/strong><\/h4>\n\n\n\n<p>Nuestro compromiso con la sostenibilidad se extiende al empaque. Caf\u00e9 La Fraylesca utiliza materiales ecol\u00f3gicos y dise\u00f1os que reflejan la calidad y el cuidado puesto en cada paso del proceso. Desde el empaque dorado que simboliza exclusividad hasta el rojo que cuenta la historia de nuestro legado, cada detalle est\u00e1 pensado para minimizar el impacto ambiental y maximizar la experiencia sensorial.<\/p>\n\n\n\n<h4 class=\"wp-block-heading\"><strong>De Nuestros Campos a Tu Taza<\/strong><\/h4>\n\n\n\n<p>Finalmente, Caf\u00e9 La Fraylesca llega a ti, listo para ser disfrutado. Pero este viaje no termina aqu\u00ed. Con cada taza de nuestro caf\u00e9, te conviertes en parte de una cadena de sostenibilidad, apoyando pr\u00e1cticas agr\u00edcolas responsables, el bienestar de las comunidades productoras y el cuidado del medio ambiente.<\/p>\n\n\n\n<h4 class=\"wp-block-heading\"><strong>Conclusi\u00f3n: Un Viaje Compartido<\/strong><\/h4>\n\n\n\n<p>El viaje de Caf\u00e9 La Fraylesca es un testimonio de c\u00f3mo la pasi\u00f3n, el respeto por la naturaleza y el compromiso con la sostenibilidad pueden converger para crear algo verdaderamente extraordinario. Al elegir Caf\u00e9 La Fraylesca, no solo disfrutas de una taza de caf\u00e9 excepcional; tambi\u00e9n apoyas un futuro m\u00e1s sostenible y responsable.<\/p>\n\n\n\n<p>\u00danete a nosotros en este viaje sostenible, desde el campo hasta tu taza, y experimenta la diferencia que hace elegir conscientemente. Porque cada sorbo de Caf\u00e9 La Fraylesca no solo sabe bien, sino que tambi\u00e9n hace bien.<\/p>\n","protected":false},"excerpt":{"rendered":"<p>El viaje de una taza de caf\u00e9 desde las f\u00e9rtiles tierras hasta tu mesa es largo y complejo, especialmente cuando se trata de un caf\u00e9 como Caf\u00e9 La Fraylesca, cuyo camino est\u00e1 impregnado de sostenibilidad, pasi\u00f3n y respeto por la naturaleza. Este viaje no solo transforma los granos de caf\u00e9, sino tambi\u00e9n las vidas de [&hellip;]<\/p>\n","protected":false},"author":2,"featured_media":63,"comment_status":"open","ping_status":"open","sticky":false,"template":"","format":"standard","meta":{"_et_pb_use_builder":"off","_et_pb_old_content":"","_et_gb_content_width":"","_monsterinsights_skip_tracking":false,"_monsterinsights_sitenote_active":false,"_monsterinsights_sitenote_note":"","_monsterinsights_sitenote_category":0,"_jetpack_memberships_contains_paid_content":false,"footnotes":""},"categories":[1],"tags":[],"class_list":["post-43","post","type-post","status-publish","format-standard","has-post-thumbnail","hentry","category-blog"],"aioseo_notices":[],"jetpack_featured_media_url":"https:\/\/cafeolafraylesca.com\/wp-content\/uploads\/2024\/03\/fraylesca-3.webp","jetpack_sharing_enabled":true,"_links":{"self":[{"href":"https:\/\/cafeolafraylesca.com\/index.php\/wp-json\/wp\/v2\/posts\/43","targetHints":{"allow":["GET"]}}],"collection":[{"href":"https:\/\/cafeolafraylesca.com\/index.php\/wp-json\/wp\/v2\/posts"}],"about":[{"href":"https:\/\/cafeolafraylesca.com\/index.php\/wp-json\/wp\/v2\/types\/post"}],"author":[{"embeddable":true,"href":"https:\/\/cafeolafraylesca.com\/index.php\/wp-json\/wp\/v2\/users\/2"}],"replies":[{"embeddable":true,"href":"https:\/\/cafeolafraylesca.com\/index.php\/wp-json\/wp\/v2\/comments?post=43"}],"version-history":[{"count":1,"href":"https:\/\/cafeolafraylesca.com\/index.php\/wp-json\/wp\/v2\/posts\/43\/revisions"}],"predecessor-version":[{"id":44,"href":"https:\/\/cafeolafraylesca.com\/index.php\/wp-json\/wp\/v2\/posts\/43\/revisions\/44"}],"wp:featuredmedia":[{"embeddable":true,"href":"https:\/\/cafeolafraylesca.com\/index.php\/wp-json\/wp\/v2\/media\/63"}],"wp:attachment":[{"href":"https:\/\/cafeolafraylesca.com\/index.php\/wp-json\/wp\/v2\/media?parent=43"}],"wp:term":[{"taxonomy":"category","embeddable":true,"href":"https:\/\/cafeolafraylesca.com\/index.php\/wp-json\/wp\/v2\/categories?post=43"},{"taxonomy":"post_tag","embeddable":true,"href":"https:\/\/cafeolafraylesca.com\/index.php\/wp-json\/wp\/v2\/tags?post=43"}],"curies":[{"name":"wp","href":"https:\/\/api.w.org\/{rel}","templated":true}]}}