{"id":48,"date":"2024-03-11T15:15:00","date_gmt":"2024-03-11T15:15:00","guid":{"rendered":"https:\/\/cafeolafraylesca.com\/?p=48"},"modified":"2024-03-11T16:24:23","modified_gmt":"2024-03-11T16:24:23","slug":"una-declaracion-de-calidad-y-elegancia-los-empaques-de-cafe-la-fraylesca","status":"publish","type":"post","link":"https:\/\/cafeolafraylesca.com\/index.php\/2024\/03\/11\/una-declaracion-de-calidad-y-elegancia-los-empaques-de-cafe-la-fraylesca\/","title":{"rendered":"Una Declaraci\u00f3n de Calidad y Elegancia: Los Empaques de Caf\u00e9 La Fraylesca"},"content":{"rendered":"\n<p>En <strong>Caf\u00e9 La Fraylesca<\/strong>, comprendemos que la presentaci\u00f3n es tan importante como el producto mismo. Cada grano de nuestro caf\u00e9 no solo es una muestra de la calidad excepcional y el sabor distinto que ofrece La Concordia, Chiapas, sino tambi\u00e9n un reflejo de nuestra dedicaci\u00f3n a la excelencia. Es por esto que nuestros empaques son m\u00e1s que simples contenedores; son una declaraci\u00f3n de calidad, elegancia y compromiso con la sostenibilidad.<\/p>\n\n\n\n<h4 class=\"wp-block-heading\"><strong>Dise\u00f1o Que Habla<\/strong><\/h4>\n\n\n\n<p>Nuestros empaques dorados y rojos no solo capturan la atenci\u00f3n; cuentan una historia. El dorado simboliza la exclusividad y la alta calidad de nuestro caf\u00e9, invitando a los consumidores a sumergirse en una experiencia de lujo con cada taza. Por otro lado, el rojo representa la pasi\u00f3n y el esfuerzo de generaciones dedicadas al arte del caf\u00e9, reflejando el calor y la energ\u00eda de la comunidad de La Concordia.<\/p>\n\n\n\n<h4 class=\"wp-block-heading\"><strong>Calidad que se Ve y se Siente<\/strong><\/h4>\n\n\n\n<p>La selecci\u00f3n de materiales para nuestros empaques refleja nuestro compromiso con la calidad. Utilizamos materiales de alta durabilidad que no solo protegen el caf\u00e9 y preservan su frescura, sino que tambi\u00e9n son un placer para los sentidos. La textura, el brillo y el peso de nuestros empaques han sido cuidadosamente elegidos para garantizar que la primera impresi\u00f3n sea tan impactante y memorable como el caf\u00e9 que contienen.<\/p>\n\n\n\n<h4 class=\"wp-block-heading\"><strong>Sostenibilidad en Cada Detalle<\/strong><\/h4>\n\n\n\n<p>Conscientes de nuestro impacto en el planeta, <strong>Caf\u00e9 La Fraylesca<\/strong> ha incorporado pr\u00e1cticas sostenibles en el dise\u00f1o de sus empaques. Elegimos materiales reciclables y biodegradables siempre que es posible, asegurando que nuestra huella ambiental sea m\u00ednima. Este compromiso con la sostenibilidad refleja nuestra filosof\u00eda de respeto y cuidado hacia la tierra que nos brinda este caf\u00e9 extraordinario.<\/p>\n\n\n\n<h4 class=\"wp-block-heading\"><strong>Innovaci\u00f3n y Funcionalidad<\/strong><\/h4>\n\n\n\n<p>M\u00e1s all\u00e1 de la est\u00e9tica, nuestros empaques est\u00e1n dise\u00f1ados con la funcionalidad en mente. Desde la facilidad de apertura hasta la reutilizaci\u00f3n y el almacenamiento, cada aspecto ha sido pensado para enriquecer la experiencia del consumidor. Nos esforzamos por innovar constantemente, buscando maneras de mejorar no solo la presentaci\u00f3n sino tambi\u00e9n la practicidad de nuestros empaques.<\/p>\n\n\n\n<h4 class=\"wp-block-heading\"><strong>Un Mensaje Claro<\/strong><\/h4>\n\n\n\n<p>Al elegir <strong>Caf\u00e9 La Fraylesca<\/strong>, nuestros consumidores reciben un mensaje claro: est\u00e1n invirtiendo en un producto de calidad superior, producido y presentado con cuidado y consideraci\u00f3n. Nuestros empaques son un reflejo de nuestro orgullo y confianza en lo que ofrecemos: un caf\u00e9 excepcional que merece ser descubierto y disfrutado al m\u00e1ximo.<\/p>\n\n\n\n<h4 class=\"wp-block-heading\"><strong>Conclusi\u00f3n: M\u00e1s que un Empaque<\/strong><\/h4>\n\n\n\n<p>Los empaques de <strong>Caf\u00e9 La Fraylesca<\/strong> son el primer paso en un viaje de descubrimiento y placer. Representan nuestro compromiso inquebrantable con la calidad, la sostenibilidad y la excelencia en cada aspecto de nuestro caf\u00e9. Invitamos a nuestros clientes a experimentar la diferencia que un gran dise\u00f1o puede hacer, abriendo camino a una taza de caf\u00e9 que no solo es deliciosa, sino tambi\u00e9n responsable y memorable.<\/p>\n","protected":false},"excerpt":{"rendered":"<p>En Caf\u00e9 La Fraylesca, comprendemos que la presentaci\u00f3n es tan importante como el producto mismo. Cada grano de nuestro caf\u00e9 no solo es una muestra de la calidad excepcional y el sabor distinto que ofrece La Concordia, Chiapas, sino tambi\u00e9n un reflejo de nuestra dedicaci\u00f3n a la excelencia. Es por esto que nuestros empaques son [&hellip;]<\/p>\n","protected":false},"author":2,"featured_media":37,"comment_status":"open","ping_status":"open","sticky":false,"template":"","format":"standard","meta":{"_et_pb_use_builder":"off","_et_pb_old_content":"","_et_gb_content_width":"","_monsterinsights_skip_tracking":false,"_monsterinsights_sitenote_active":false,"_monsterinsights_sitenote_note":"","_monsterinsights_sitenote_category":0,"_jetpack_memberships_contains_paid_content":false,"footnotes":""},"categories":[1],"tags":[],"class_list":["post-48","post","type-post","status-publish","format-standard","has-post-thumbnail","hentry","category-blog"],"aioseo_notices":[],"jetpack_featured_media_url":"https:\/\/cafeolafraylesca.com\/wp-content\/uploads\/2024\/03\/logo-la-fraylesca.jpeg","jetpack_sharing_enabled":true,"_links":{"self":[{"href":"https:\/\/cafeolafraylesca.com\/index.php\/wp-json\/wp\/v2\/posts\/48","targetHints":{"allow":["GET"]}}],"collection":[{"href":"https:\/\/cafeolafraylesca.com\/index.php\/wp-json\/wp\/v2\/posts"}],"about":[{"href":"https:\/\/cafeolafraylesca.com\/index.php\/wp-json\/wp\/v2\/types\/post"}],"author":[{"embeddable":true,"href":"https:\/\/cafeolafraylesca.com\/index.php\/wp-json\/wp\/v2\/users\/2"}],"replies":[{"embeddable":true,"href":"https:\/\/cafeolafraylesca.com\/index.php\/wp-json\/wp\/v2\/comments?post=48"}],"version-history":[{"count":1,"href":"https:\/\/cafeolafraylesca.com\/index.php\/wp-json\/wp\/v2\/posts\/48\/revisions"}],"predecessor-version":[{"id":49,"href":"https:\/\/cafeolafraylesca.com\/index.php\/wp-json\/wp\/v2\/posts\/48\/revisions\/49"}],"wp:featuredmedia":[{"embeddable":true,"href":"https:\/\/cafeolafraylesca.com\/index.php\/wp-json\/wp\/v2\/media\/37"}],"wp:attachment":[{"href":"https:\/\/cafeolafraylesca.com\/index.php\/wp-json\/wp\/v2\/media?parent=48"}],"wp:term":[{"taxonomy":"category","embeddable":true,"href":"https:\/\/cafeolafraylesca.com\/index.php\/wp-json\/wp\/v2\/categories?post=48"},{"taxonomy":"post_tag","embeddable":true,"href":"https:\/\/cafeolafraylesca.com\/index.php\/wp-json\/wp\/v2\/tags?post=48"}],"curies":[{"name":"wp","href":"https:\/\/api.w.org\/{rel}","templated":true}]}}